{"id":48,"date":"2013-04-10T23:53:18","date_gmt":"2013-04-10T23:53:18","guid":{"rendered":"http:\/\/www.euskoguide.com\/blog\/es\/?p=48"},"modified":"2018-09-04T19:27:02","modified_gmt":"2018-09-04T19:27:02","slug":"las-bardenas-reales-mas-verdes-que-nunca","status":"publish","type":"post","link":"https:\/\/www.euskoguide.com\/blog\/es\/2013\/04\/10\/las-bardenas-reales-mas-verdes-que-nunca\/","title":{"rendered":"Las Bardenas Reales, m\u00e1s verdes que nunca"},"content":{"rendered":"<div class=\"column-margin-top intro-text-blue\">A pesar de ser m\u00e1s conocida por sus impresionantes monta\u00f1as situadas al norte de la provincia, Navarra es tambi\u00e9n hogar de un desierto (semi-desierto para ser m\u00e1s exactos). El Parque Natural de las Bardenas Reales se extiende sobre una superficie de m\u00e1s de 42.000 hect\u00e1reas, ocupando as\u00ed una buena parte del sur de Navarra.<\/div>\r\n\r\n<div class=\"column-no-padding-left column-no-padding-right column-margin-bottom-small small-12 medium-8 large-8 columns\"><p>Hace poco tuvimos la oportunidad de visitar el parque y una de las cosas que m\u00e1s nos llam\u00f3 la atenci\u00f3n fue ver como <strong>los paisajes iban cambiando<\/strong> en nuestro corto viaje desde el norte del Pa\u00eds Vasco espa\u00f1ol. Primero cruzamos monta\u00f1as cubiertas de nieve, para llegar despu\u00e9s a los verdes campos de Navarra, cubiertos por abundante vegetaci\u00f3n, un paisaje de colinas hasta donde alcanza la vista. Unos 20 minutos antes de llegar a las Bardenas, la naturaleza empez\u00f3 a cambiar de nuevo, y nos dio la impresi\u00f3n de estar de repente en un lugar completamente distinto, muy lejos del Pa\u00eds Vasco, quiz\u00e1s en el sur de Espa\u00f1a o incluso en otro pa\u00eds.<\/p>\r\n\r\n<p>Sin embargo, es cierto que no se trat\u00f3 en ning\u00fan momento de un paisaje completamente des\u00e9rtico y seguimos viendo \u00e1reas verdes de vez en cuando. De hecho, bastante verde. En una gasolinera cercana a las Bardenas nos contaron que esa zona de Navarra hab\u00eda recibido una <strong>enorme e inusual cantidad de lluvia<\/strong> en las dos semanas anteriores, la cu\u00e1l hab\u00eda afectado tambi\u00e9n al parque. Nosotros que \u00edbamos pensando en visitar un parque natural semides\u00e9rtico y de repente nos enteramos de que quiz\u00e1 no podamos entrar a visitarlo en coche porque los caminos est\u00e1n inundados. \u00a1Menuda sorpresa! S\u00ed, as\u00ed es, los caminos del Parque de las Bardenas son de tierra y hab\u00edan estado temporalmente cerrados al acceso con turismo.<\/p><\/div>\r\n\r\n<div class=\"column-no-padding-right small-12 medium-4 large-4 columns\">\r\n<div class=\"show-for-small-only hr-separator-top\"><\/div>\t\t\t\t\t\t\t\r\n<div class=\"center\">\r\n\r\n<\/div>\r\n<div class=\"show-for-small-only hr-separator-bottom\"><\/div>\r\n<\/div>\r\n\r\n<div class=\"wp-caption\" style=\"width: 100%\"><p class=\"wp-caption-text\"><img class=\"size-full resize\" alt=\"Las Bardenas Reales, m\u00e1s verdes que nunca\" src=\"\/blog\/wp-content\/uploads\/2013\/04\/bardenas_reales_green.jpg\" \/>Las Bardenas Reales, m\u00e1s verdes que nunca<\/p><\/div>\r\n\r\n<div class=\"column-no-padding-left column-no-padding-right column-margin-top-small small-12 medium-8 large-8 columns\"><p>Sin perder la esperanza, continuamos nuestro viaje, llegando al primer desv\u00edo de la carretera en direcci\u00f3n a la entrada principal del parque y, desde all\u00ed, hasta el centro de informaci\u00f3n, situado a pocos kil\u00f3metros de dicha entrada. En el centro de informaci\u00f3n nos dieron las buenas noticias: <strong>acababan de volver a abrir el camino principal del parque<\/strong> para acceso con turismos. Si hubi\u00e9semos llegado un par de d\u00edas antes, habr\u00eda estado cerrado. La trabajadora del centro de informaci\u00f3n nos despidi\u00f3 dici\u00e9ndonos \u201cVais a ver las Bardenas m\u00e1s verdes que nunca\u201d. Y definitivamente \u00a1estaba en lo cierto!<\/p>\r\n\r\n<p>Siguiendo las indicaciones, nos adentramos en el parque donde descubrimos paisajes tipo pradera, de hierba verde, en <strong>contraste con las monta\u00f1as de barro rojizo<\/strong> al fondo. Hab\u00edamos visto fotos de las Bardenas antes de visitarlas, pero esas fotos no eran exactamente como lo que ve\u00edan nuestros ojos, no era normal que hubiera tanta vegetaci\u00f3n. Sin embargo, creo que ese hecho hizo que nuestra experiencia fuera a\u00fan m\u00e1s especial.<\/p><\/div>\r\n\r\n<div class=\"column-no-padding-right small-12 medium-4 large-4 columns\">\r\n<div class=\"show-for-small-only hr-separator-top\"><\/div>\t\t\t\t\t\t\t\r\n<div class=\"center\">\r\n\r\n<\/div>\r\n<div class=\"show-for-small-only hr-separator-bottom\"><\/div>\r\n<\/div>\r\n\r\n<div class=\"column-no-padding-left column-no-padding-right column-margin-bottom-small small-12 medium-8 large-8 columns\"><p>Una vez dentro del Parque Natural de las Bardenas Reales, nos llevamos la segunda sorpresa del d\u00eda. Digamos que, como se trata de una zona \u201ctranquila\u201d, el ej\u00e9rcito espa\u00f1ol lleva tiempo utilizando parte del parque para <strong>pr\u00e1cticas militares<\/strong>. Nos dimos cuenta de esto al entrar al parque, cuando nos sorprendieron los aviones de combate realizando acrobacias sobre nuestras cabezas. Aunque al principio nos incomod\u00f3 un poco, al final disfrutamos del espect\u00e1culo en el aire.<\/p><\/div>\r\n\r\n<div class=\"wp-caption\" style=\"width: 100%\"><p class=\"wp-caption-text\"><img class=\"size-full resize\" alt=\"Castildetierra en las Bardenas Reales\" src=\"\/blog\/wp-content\/uploads\/2013\/04\/bardenas_cabeza.jpg\" \/>\r\nCastildetierra en las Bardenas Reales<\/p><\/div>\r\n\r\n<div class=\"column-no-padding-left column-no-padding-right column-margin-top-small small-12 medium-8 large-8 columns\"><p>En un momento determinado, la carretera termina a la entrada de la <strong>base militar<\/strong> y hay que girar a la izquierda. Fue ah\u00ed donde un militar nos hizo parar el coche. Al principio pensamos que \u00edbamos a tener problemas por ir demasiado r\u00e1pido con el coche por el camino de tierra, o que quiz\u00e1s hab\u00edamos girado en la direcci\u00f3n err\u00f3nea y est\u00e1bamos en un lugar en el que no deber\u00edamos estar. Cuando bajamos la ventanilla, el militar nos dijo que nos encontr\u00e1bamos en el lugar correcto y pod\u00edamos continuar adentr\u00e1ndonos en el parque. Sin embargo, su obligaci\u00f3n era informarnos de que el ej\u00e9rcito estaba realizando maniobras con munici\u00f3n real y deb\u00edamos saber que se tratar\u00eda de nuestra responsabilidad si algo nos ocurriera dentro del parque. Nos quedamos con la boca abierta, perplejos y mir\u00e1ndonos el uno al otro. \u201c\u00bfY eso que significa exactamente?\u201d le preguntamos. El militar se qued\u00f3 callado un par de segundos m\u00e1s, manteniendo la tensi\u00f3n en el ambiente, para despu\u00e9s echarse a re\u00edr y decirnos que pod\u00edamos continuar sin preocupaciones, que est\u00e1bamos seguros. Un poco m\u00e1s tranquilos, continuamos nuestra visita. Pero en el fondo de mi mente, pens\u00e9 \u201cbueno, si algo nos sucediera mientras estamos aqu\u00ed&#8230; \u00bfllegar\u00eda a ser reportado? \u00bfo alg\u00fan tipo de encubrimiento militar secreto ocultar\u00eda los hechos?\u201d<\/p><\/div>\r\n\r\n<div class=\"column-no-padding-right small-12 medium-4 large-4 columns\">\r\n<div class=\"show-for-small-only hr-separator-top\"><\/div>\t\t\t\t\t\t\t\r\n<div class=\"center\">\r\n\r\n<\/div>\r\n<div class=\"show-for-small-only hr-separator-bottom\"><\/div>\r\n<\/div>\r\n\r\n<div class=\"column-no-padding-left column-no-padding-right column-margin-bottom-small small-12 medium-8 large-8 columns\"><p>Continuamos nuestra visita, y lo cierto es que nos alegramos de ver m\u00e1s turistas y familias por el camino. De alguna manera, nos record\u00f3 que, al fin y al cabo, nos encontr\u00e1bamos en un Parque Natural y no iba a morir nadie debido a las pr\u00e1cticas militares que tienen lugar all\u00ed.<\/p><\/div>\r\n\r\n<div class=\"wp-caption\" style=\"width: 100%\"><p class=\"wp-caption-text\"><img class=\"size-full resize\" alt=\"Reba\u00f1o de ovejas en las Bardenas Reales\" src=\"\/blog\/wp-content\/uploads\/2013\/04\/bardenas_reales.jpg\" \/>Reba\u00f1o de ovejas en las Bardenas Reales<\/p><\/div>\r\n\r\n<div class=\"column-no-padding-left column-no-padding-right column-margin-top-small column-margin-bottom-small small-12 medium-8 large-8 columns\"><p>Al final, pudimos realizar el <strong>recorrido completo en coche<\/strong> y bajar a pasear por algunos lugares de las Bardenas. Tuvimos suerte de disfrutar de un magn\u00edfico d\u00eda de primavera y pudimos descubrir una bonita parte de lo que las Bardenas ofrece al visitante. Ahora, estoy ansiosa por volver y alquilar una bicicleta. Hay muchos caminos dentro del parque que solo son accesibles en bici o a pie y me da la impresi\u00f3n de que esos son probablemente los que te llevan a las \u00e1reas m\u00e1s asombrosas del parque. Al fin y al cabo, esos son los caminos que cruzan zonas protegidas. Os mantendremos informados.<\/p>\r\n\r\n<p>Si quieres m\u00e1s informaci\u00f3n, \u00e9chale un vistazo a nuestra completa <a href=\"\/es\/lugares-pais-vasco\/espana\/bardenas-reales-turismo\/\">gu\u00eda de las Bardenas Reales<\/a>.<\/p><\/div>","protected":false},"excerpt":{"rendered":"<p>A pesar de ser m\u00e1s conocida por sus impresionantes monta\u00f1as situadas al norte de la provincia, Navarra es tambi\u00e9n hogar de un desierto (semi-desierto para ser m\u00e1s exactos). El Parque Natural de las Bardenas Reales se extiende sobre una superficie de m\u00e1s de 42.000 hect\u00e1reas, ocupando as\u00ed una buena parte del sur de Navarra. Hace [&hellip;]<\/p>\n","protected":false},"author":2,"featured_media":117,"comment_status":"open","ping_status":"open","sticky":false,"template":"","format":"standard","meta":[],"categories":[1],"tags":[],"yoast_head":"<!-- This site is optimized with the Yoast SEO plugin v18.2 - https:\/\/yoast.com\/wordpress\/plugins\/seo\/ -->\n<title>Las Bardenas Reales, m\u00e1s verdes que nunca - Blog de Eusko Guide<\/title>\n<meta name=\"description\" content=\"El Parque Natural de las Bardenas Reales es un parque semides\u00e9rtico en el sur de Navarra que se extiende sobre una superficie de m\u00e1s de 42.000 hect\u00e1reas.\" \/>\n<meta name=\"robots\" content=\"index, follow, max-snippet:-1, max-image-preview:large, max-video-preview:-1\" \/>\n<link rel=\"canonical\" href=\"https:\/\/www.euskoguide.com\/blog\/es\/2013\/04\/10\/las-bardenas-reales-mas-verdes-que-nunca\/\" \/>\n<meta name=\"twitter:label1\" content=\"Escrito por\" \/>\n\t<meta name=\"twitter:data1\" content=\"Patricia Palacios\" \/>\n\t<meta name=\"twitter:label2\" content=\"Tiempo de lectura\" \/>\n\t<meta name=\"twitter:data2\" content=\"5 minutes\" \/>\n<script type=\"application\/ld+json\" class=\"yoast-schema-graph\">{\"@context\":\"https:\/\/schema.org\",\"@graph\":[{\"@type\":\"WebSite\",\"@id\":\"https:\/\/www.euskoguide.com\/blog\/es\/#website\",\"url\":\"https:\/\/www.euskoguide.com\/blog\/es\/\",\"name\":\"Blog de Eusko Guide\",\"description\":\"Revista Online del Pa\u00eds Vasco\",\"potentialAction\":[{\"@type\":\"SearchAction\",\"target\":{\"@type\":\"EntryPoint\",\"urlTemplate\":\"https:\/\/www.euskoguide.com\/blog\/es\/?s={search_term_string}\"},\"query-input\":\"required name=search_term_string\"}],\"inLanguage\":\"es-ES\"},{\"@type\":\"ImageObject\",\"@id\":\"https:\/\/www.euskoguide.com\/blog\/es\/2013\/04\/10\/las-bardenas-reales-mas-verdes-que-nunca\/#primaryimage\",\"inLanguage\":\"es-ES\",\"url\":\"https:\/\/www.euskoguide.com\/blog\/es\/wp-content\/uploads\/sites\/2\/2013\/04\/bardenas-reales-bg.jpg\",\"contentUrl\":\"https:\/\/www.euskoguide.com\/blog\/es\/wp-content\/uploads\/sites\/2\/2013\/04\/bardenas-reales-bg.jpg\",\"width\":1000,\"height\":665,\"caption\":\"bardenas reales\"},{\"@type\":\"WebPage\",\"@id\":\"https:\/\/www.euskoguide.com\/blog\/es\/2013\/04\/10\/las-bardenas-reales-mas-verdes-que-nunca\/#webpage\",\"url\":\"https:\/\/www.euskoguide.com\/blog\/es\/2013\/04\/10\/las-bardenas-reales-mas-verdes-que-nunca\/\",\"name\":\"Las Bardenas Reales, m\u00e1s verdes que nunca - Blog de Eusko Guide\",\"isPartOf\":{\"@id\":\"https:\/\/www.euskoguide.com\/blog\/es\/#website\"},\"primaryImageOfPage\":{\"@id\":\"https:\/\/www.euskoguide.com\/blog\/es\/2013\/04\/10\/las-bardenas-reales-mas-verdes-que-nunca\/#primaryimage\"},\"datePublished\":\"2013-04-10T23:53:18+00:00\",\"dateModified\":\"2018-09-04T19:27:02+00:00\",\"author\":{\"@id\":\"https:\/\/www.euskoguide.com\/blog\/es\/#\/schema\/person\/fa6c9a2639f211b0e075c6032e2ed309\"},\"description\":\"El Parque Natural de las Bardenas Reales es un parque semides\u00e9rtico en el sur de Navarra que se extiende sobre una superficie de m\u00e1s de 42.000 hect\u00e1reas.\",\"breadcrumb\":{\"@id\":\"https:\/\/www.euskoguide.com\/blog\/es\/2013\/04\/10\/las-bardenas-reales-mas-verdes-que-nunca\/#breadcrumb\"},\"inLanguage\":\"es-ES\",\"potentialAction\":[{\"@type\":\"ReadAction\",\"target\":[\"https:\/\/www.euskoguide.com\/blog\/es\/2013\/04\/10\/las-bardenas-reales-mas-verdes-que-nunca\/\"]}]},{\"@type\":\"BreadcrumbList\",\"@id\":\"https:\/\/www.euskoguide.com\/blog\/es\/2013\/04\/10\/las-bardenas-reales-mas-verdes-que-nunca\/#breadcrumb\",\"itemListElement\":[{\"@type\":\"ListItem\",\"position\":1,\"name\":\"Home\",\"item\":\"https:\/\/www.euskoguide.com\/blog\/es\/\"},{\"@type\":\"ListItem\",\"position\":2,\"name\":\"Las Bardenas Reales, m\u00e1s verdes que nunca\"}]},{\"@type\":\"Person\",\"@id\":\"https:\/\/www.euskoguide.com\/blog\/es\/#\/schema\/person\/fa6c9a2639f211b0e075c6032e2ed309\",\"name\":\"Patricia Palacios\",\"image\":{\"@type\":\"ImageObject\",\"@id\":\"https:\/\/www.euskoguide.com\/blog\/es\/#personlogo\",\"inLanguage\":\"es-ES\",\"url\":\"https:\/\/secure.gravatar.com\/avatar\/cfbd5e479d8253ddbb07c47ccb09af45?s=96&d=mm&r=g\",\"contentUrl\":\"https:\/\/secure.gravatar.com\/avatar\/cfbd5e479d8253ddbb07c47ccb09af45?s=96&d=mm&r=g\",\"caption\":\"Patricia Palacios\"},\"sameAs\":[\"http:\/\/www.euskoguide.com\",\"https:\/\/twitter.com\/EuskoGuide\"],\"url\":\"https:\/\/www.euskoguide.com\/blog\/es\/author\/patricia\/\"}]}<\/script>\n<!-- \/ Yoast SEO plugin. -->","yoast_head_json":{"title":"Las Bardenas Reales, m\u00e1s verdes que nunca - Blog de Eusko Guide","description":"El Parque Natural de las Bardenas Reales es un parque semides\u00e9rtico en el sur de Navarra que se extiende sobre una superficie de m\u00e1s de 42.000 hect\u00e1reas.","robots":{"index":"index","follow":"follow","max-snippet":"max-snippet:-1","max-image-preview":"max-image-preview:large","max-video-preview":"max-video-preview:-1"},"canonical":"https:\/\/www.euskoguide.com\/blog\/es\/2013\/04\/10\/las-bardenas-reales-mas-verdes-que-nunca\/","twitter_misc":{"Escrito por":"Patricia Palacios","Tiempo de lectura":"5 minutes"},"schema":{"@context":"https:\/\/schema.org","@graph":[{"@type":"WebSite","@id":"https:\/\/www.euskoguide.com\/blog\/es\/#website","url":"https:\/\/www.euskoguide.com\/blog\/es\/","name":"Blog de Eusko Guide","description":"Revista Online del Pa\u00eds Vasco","potentialAction":[{"@type":"SearchAction","target":{"@type":"EntryPoint","urlTemplate":"https:\/\/www.euskoguide.com\/blog\/es\/?s={search_term_string}"},"query-input":"required name=search_term_string"}],"inLanguage":"es-ES"},{"@type":"ImageObject","@id":"https:\/\/www.euskoguide.com\/blog\/es\/2013\/04\/10\/las-bardenas-reales-mas-verdes-que-nunca\/#primaryimage","inLanguage":"es-ES","url":"https:\/\/www.euskoguide.com\/blog\/es\/wp-content\/uploads\/sites\/2\/2013\/04\/bardenas-reales-bg.jpg","contentUrl":"https:\/\/www.euskoguide.com\/blog\/es\/wp-content\/uploads\/sites\/2\/2013\/04\/bardenas-reales-bg.jpg","width":1000,"height":665,"caption":"bardenas reales"},{"@type":"WebPage","@id":"https:\/\/www.euskoguide.com\/blog\/es\/2013\/04\/10\/las-bardenas-reales-mas-verdes-que-nunca\/#webpage","url":"https:\/\/www.euskoguide.com\/blog\/es\/2013\/04\/10\/las-bardenas-reales-mas-verdes-que-nunca\/","name":"Las Bardenas Reales, m\u00e1s verdes que nunca - Blog de Eusko Guide","isPartOf":{"@id":"https:\/\/www.euskoguide.com\/blog\/es\/#website"},"primaryImageOfPage":{"@id":"https:\/\/www.euskoguide.com\/blog\/es\/2013\/04\/10\/las-bardenas-reales-mas-verdes-que-nunca\/#primaryimage"},"datePublished":"2013-04-10T23:53:18+00:00","dateModified":"2018-09-04T19:27:02+00:00","author":{"@id":"https:\/\/www.euskoguide.com\/blog\/es\/#\/schema\/person\/fa6c9a2639f211b0e075c6032e2ed309"},"description":"El Parque Natural de las Bardenas Reales es un parque semides\u00e9rtico en el sur de Navarra que se extiende sobre una superficie de m\u00e1s de 42.000 hect\u00e1reas.","breadcrumb":{"@id":"https:\/\/www.euskoguide.com\/blog\/es\/2013\/04\/10\/las-bardenas-reales-mas-verdes-que-nunca\/#breadcrumb"},"inLanguage":"es-ES","potentialAction":[{"@type":"ReadAction","target":["https:\/\/www.euskoguide.com\/blog\/es\/2013\/04\/10\/las-bardenas-reales-mas-verdes-que-nunca\/"]}]},{"@type":"BreadcrumbList","@id":"https:\/\/www.euskoguide.com\/blog\/es\/2013\/04\/10\/las-bardenas-reales-mas-verdes-que-nunca\/#breadcrumb","itemListElement":[{"@type":"ListItem","position":1,"name":"Home","item":"https:\/\/www.euskoguide.com\/blog\/es\/"},{"@type":"ListItem","position":2,"name":"Las Bardenas Reales, m\u00e1s verdes que nunca"}]},{"@type":"Person","@id":"https:\/\/www.euskoguide.com\/blog\/es\/#\/schema\/person\/fa6c9a2639f211b0e075c6032e2ed309","name":"Patricia Palacios","image":{"@type":"ImageObject","@id":"https:\/\/www.euskoguide.com\/blog\/es\/#personlogo","inLanguage":"es-ES","url":"https:\/\/secure.gravatar.com\/avatar\/cfbd5e479d8253ddbb07c47ccb09af45?s=96&d=mm&r=g","contentUrl":"https:\/\/secure.gravatar.com\/avatar\/cfbd5e479d8253ddbb07c47ccb09af45?s=96&d=mm&r=g","caption":"Patricia Palacios"},"sameAs":["http:\/\/www.euskoguide.com","https:\/\/twitter.com\/EuskoGuide"],"url":"https:\/\/www.euskoguide.com\/blog\/es\/author\/patricia\/"}]}},"_links":{"self":[{"href":"https:\/\/www.euskoguide.com\/blog\/es\/wp-json\/wp\/v2\/posts\/48"}],"collection":[{"href":"https:\/\/www.euskoguide.com\/blog\/es\/wp-json\/wp\/v2\/posts"}],"about":[{"href":"https:\/\/www.euskoguide.com\/blog\/es\/wp-json\/wp\/v2\/types\/post"}],"author":[{"embeddable":true,"href":"https:\/\/www.euskoguide.com\/blog\/es\/wp-json\/wp\/v2\/users\/2"}],"replies":[{"embeddable":true,"href":"https:\/\/www.euskoguide.com\/blog\/es\/wp-json\/wp\/v2\/comments?post=48"}],"version-history":[{"count":6,"href":"https:\/\/www.euskoguide.com\/blog\/es\/wp-json\/wp\/v2\/posts\/48\/revisions"}],"predecessor-version":[{"id":192,"href":"https:\/\/www.euskoguide.com\/blog\/es\/wp-json\/wp\/v2\/posts\/48\/revisions\/192"}],"wp:featuredmedia":[{"embeddable":true,"href":"https:\/\/www.euskoguide.com\/blog\/es\/wp-json\/wp\/v2\/media\/117"}],"wp:attachment":[{"href":"https:\/\/www.euskoguide.com\/blog\/es\/wp-json\/wp\/v2\/media?parent=48"}],"wp:term":[{"taxonomy":"category","embeddable":true,"href":"https:\/\/www.euskoguide.com\/blog\/es\/wp-json\/wp\/v2\/categories?post=48"},{"taxonomy":"post_tag","embeddable":true,"href":"https:\/\/www.euskoguide.com\/blog\/es\/wp-json\/wp\/v2\/tags?post=48"}],"curies":[{"name":"wp","href":"https:\/\/api.w.org\/{rel}","templated":true}]}}